{"id":78843,"date":"2026-08-31T11:11:32","date_gmt":"2026-08-31T14:11:32","guid":{"rendered":"https:\/\/www.unifoa.edu.br\/?post_type=noticias&#038;p=78843"},"modified":"2026-08-31T11:11:51","modified_gmt":"2026-08-31T14:11:51","slug":"unifoa-simposio-gestao-e-inovacao-saude","status":"publish","type":"noticias","link":"https:\/\/www.unifoa.edu.br\/noticias\/unifoa-simposio-gestao-e-inovacao-saude\/","title":{"rendered":"UniFOA promove simp\u00f3sio sobre gest\u00e3o e inova\u00e7\u00e3o em sa\u00fade\u00a0"},"content":{"rendered":"\n<p class=\"wp-block-paragraph\">A sa\u00fade n\u00e3o depende apenas do atendimento ao paciente. Por tr\u00e1s de cada servi\u00e7o, tamb\u00e9m existem decis\u00f5es de gest\u00e3o, uso de tecnologia, organiza\u00e7\u00e3o de processos e inova\u00e7\u00e3o. Esses temas estar\u00e3o no centro do I Simp\u00f3sio de Gest\u00e3o e Inova\u00e7\u00e3o em Sa\u00fade, promovido pelas ligas acad\u00eamicas&nbsp;de Gen\u00e9tica, Cl\u00ednica M\u00e9dica e Psiquiatria e Sa\u00fade Mental,&nbsp;do curso de Medicina&nbsp;do <a href=\"https:\/\/www.unifoa.edu.br\">UniFOA<\/a>.&nbsp;&nbsp;<\/p>\n\n\n\n<p class=\"wp-block-paragraph\">O evento ser\u00e1 realizado no dia <strong>26 de setembro<\/strong>, <strong>s\u00e1bado, \u00e0s 8h30<\/strong>, no Centro Hist\u00f3rico-Cultural Dauro Arag\u00e3o, no campus Tr\u00eas Po\u00e7os. A proposta \u00e9 reunir <strong>estudantes e profissionais da \u00e1rea da sa\u00fade<\/strong> para discutir como diferentes \u00e1reas podem contribuir para uma sa\u00fade mais integrada, eficiente e preparada para os desafios atuais.\u00a0<\/p>\n\n\n\n<p class=\"wp-block-paragraph\">A programa\u00e7\u00e3o contar\u00e1 com temas ligados \u00e0 inova\u00e7\u00e3o, tecnologia e gest\u00e3o,&nbsp;intelig\u00eancia artificial, biotecnologia e medicina de precis\u00e3o,&nbsp;al\u00e9m da participa\u00e7\u00e3o de representantes do Hospital da Funda\u00e7\u00e3o Oswaldo Aranha (<a href=\"https:\/\/www.hfoa.org.br\" target=\"_blank\" rel=\"noopener\">H.FOA<\/a>).&nbsp;<\/p>\n\n\n\n<p class=\"wp-block-paragraph\">A proposta \u00e9 aproximar diferentes \u00e1reas do conhecimento em um mesmo espa\u00e7o de debate, mostrando que os desafios da sa\u00fade exigem olhares complementares.&nbsp;<\/p>\n\n\n\n<p class=\"wp-block-paragraph\">A iniciativa tamb\u00e9m fortalece o protagonismo das ligas acad\u00eamicas na constru\u00e7\u00e3o de espa\u00e7os complementares de forma\u00e7\u00e3o. Ao propor um encontro sobre gest\u00e3o e inova\u00e7\u00e3o, os estudantes ampliam o debate para al\u00e9m da assist\u00eancia direta e aproximam a universidade de discuss\u00f5es presentes no cotidiano dos servi\u00e7os de sa\u00fade.&nbsp;<\/p>\n\n\n\n<p class=\"wp-block-paragraph\">As inscri\u00e7\u00f5es custam <strong>R$ 10 para membros das ligas<\/strong> e <strong>R$ 15 para o p\u00fablico geral<\/strong>.&nbsp;<\/p>\n\n\n\n<p class=\"wp-block-paragraph\">O Simp\u00f3sio abre&nbsp;espa\u00e7o para uma discuss\u00e3o cada vez mais necess\u00e1ria: como formar profissionais capazes de cuidar, mas tamb\u00e9m de compreender os sistemas, os processos e as solu\u00e7\u00f5es que ajudam a transformar a sa\u00fade.&nbsp;<\/p>\n\n\n\n<h2 class=\"wp-block-heading\">I Simp\u00f3sio de Gest\u00e3o e Inova\u00e7\u00e3o em Sa\u00fade&nbsp;<\/h2>\n\n\n\n<p class=\"wp-block-paragraph\"><strong>Dia:<\/strong>&nbsp;26\/09&nbsp;<\/p>\n\n\n\n<p class=\"wp-block-paragraph\"><strong>Hora:<\/strong>&nbsp;8h30 \u00e0s 17h&nbsp;<\/p>\n\n\n\n<p class=\"wp-block-paragraph\"><strong>Local:<\/strong>&nbsp;Centro Hist\u00f3rico-Cultural Dauro Arag\u00e3o, no campus&nbsp;Olezio&nbsp;Galotti, em Tr\u00eas Po\u00e7os.&nbsp;<\/p>\n\n\n\n<p class=\"wp-block-paragraph\"><strong>Valor:<\/strong>&nbsp;R$ 10 para membros das ligas e R$ 15 para o p\u00fablico geral.&nbsp;<\/p>\n\n\n\n<p class=\"wp-block-paragraph\"><strong>Inscri\u00e7\u00e3o:<\/strong>&nbsp;<a href=\"https:\/\/docs.google.com\/forms\/d\/e\/1FAIpQLSeVvdM7tjbYNwfz4zbB3XaZ1FrgNB82rikm8c4AsOgLJNAHbA\/viewform\" target=\"_blank\" rel=\"noopener\">clique aqui<\/a>&nbsp;<\/p>\n\n\n\n<p class=\"wp-block-paragraph\"><\/p>\n\n\n\n<h2 class=\"wp-block-heading\">Confira a programa\u00e7\u00e3o<\/h2>\n\n\n\n<p class=\"wp-block-paragraph\"><strong>08h30 \u00e0s 09h30:<\/strong> Credenciamento e Welcome Coffee<\/p>\n\n\n\n<p class=\"wp-block-paragraph\"><strong>09h30 \u00e0s 10:<\/strong> Cerim\u00f4nia de Abertura<\/p>\n\n\n\n<p class=\"wp-block-paragraph\"><strong>10h \u00e0s 10h50:<\/strong> 1. Pesquisa, \u00c9tica e Inova\u00e7\u00e3o Tecnol\u00f3gica - Prof. Walter Fonseca<\/p>\n\n\n\n<p class=\"wp-block-paragraph\"><strong>10h50 \u00e0s 11h20:<\/strong> 2. Educa\u00e7\u00e3o em Tempos de IA - Max Damas<\/p>\n\n\n\n<p class=\"wp-block-paragraph\"><strong>11h20 \u00e0s 11h50:<\/strong> 2.1 Health Techs, Empreendedorismo e Ecossistemas de Inova\u00e7\u00e3o - Alessandro Orofino<\/p>\n\n\n\n<p class=\"wp-block-paragraph\"><strong>11h50 \u00e0s 13h:<\/strong> Almo\u00e7o<\/p>\n\n\n\n<p class=\"wp-block-paragraph\"><strong>13h \u00e0s 13h50:<\/strong> 3. Gest\u00e3o em Sa\u00fade e Lideran\u00e7a na \u00c1rea da Sa\u00fade - Profa. Adriana Braga<\/p>\n\n\n\n<p class=\"wp-block-paragraph\"><strong>14h \u00e0s 14h50:<\/strong> 4. Intelig\u00eancia Artificial e Transforma\u00e7\u00e3o Digital - Dr. Danilo Devezas<\/p>\n\n\n\n<p class=\"wp-block-paragraph\"><strong>14h50 \u00e0s 15h40:<\/strong> - 5. Biotecnologia e Medicina de Precis\u00e3o - Profa. Claudia Utagawa<\/p>\n\n\n\n<p class=\"wp-block-paragraph\"><strong>15h40 \u00e0s 16h:<\/strong> Perguntas, Considera\u00e7\u00f5es Finais e Encerramento Oficial<\/p>\n\n\n\n<p class=\"wp-block-paragraph\"><strong>16h \u00e0s 17h:<\/strong> Coffee<\/p>\n\n\n\n<p class=\"wp-block-paragraph\"><\/p>\n","protected":false},"author":15,"featured_media":78844,"parent":0,"template":"","categorianoticias":[733,44],"tagsnoticias":[],"class_list":["post-78843","noticias","type-noticias","status-publish","has-post-thumbnail","hentry","categorianoticias-medicina","categorianoticias-noticias"],"acf":[],"_links":{"self":[{"href":"https:\/\/www.unifoa.edu.br\/api\/wp\/v2\/noticias\/78843","targetHints":{"allow":["GET"]}}],"collection":[{"href":"https:\/\/www.unifoa.edu.br\/api\/wp\/v2\/noticias"}],"about":[{"href":"https:\/\/www.unifoa.edu.br\/api\/wp\/v2\/types\/noticias"}],"author":[{"embeddable":true,"href":"https:\/\/www.unifoa.edu.br\/api\/wp\/v2\/users\/15"}],"version-history":[{"count":7,"href":"https:\/\/www.unifoa.edu.br\/api\/wp\/v2\/noticias\/78843\/revisions"}],"predecessor-version":[{"id":78853,"href":"https:\/\/www.unifoa.edu.br\/api\/wp\/v2\/noticias\/78843\/revisions\/78853"}],"wp:featuredmedia":[{"embeddable":true,"href":"https:\/\/www.unifoa.edu.br\/api\/wp\/v2\/media\/78844"}],"wp:attachment":[{"href":"https:\/\/www.unifoa.edu.br\/api\/wp\/v2\/media?parent=78843"}],"wp:term":[{"taxonomy":"categorianoticias","embeddable":true,"href":"https:\/\/www.unifoa.edu.br\/api\/wp\/v2\/categorianoticias?post=78843"},{"taxonomy":"tagsnoticias","embeddable":true,"href":"https:\/\/www.unifoa.edu.br\/api\/wp\/v2\/tagsnoticias?post=78843"}],"curies":[{"name":"wp","href":"https:\/\/api.w.org\/{rel}","templated":true}]}}