{"id":78989,"date":"2026-09-02T16:13:48","date_gmt":"2026-09-02T19:13:48","guid":{"rendered":"https:\/\/www.unifoa.edu.br\/?post_type=noticias&#038;p=78989"},"modified":"2026-09-02T16:13:50","modified_gmt":"2026-09-02T19:13:50","slug":"egressa-unifoa-lanca-livro","status":"publish","type":"noticias","link":"https:\/\/www.unifoa.edu.br\/noticias\/egressa-unifoa-lanca-livro\/","title":{"rendered":"Egressa do UniFOA lan\u00e7a livro sobre influ\u00eancia dos algoritmos nas escolhas"},"content":{"rendered":"\n<p class=\"wp-block-paragraph\">O Centro Universit\u00e1rio de Volta Redonda (<a href=\"https:\/\/unifoa.edu.br\" data-type=\"link\" data-id=\"unifoa.edu.br\" target=\"_blank\" rel=\"noopener\">UniFOA<\/a>) recebeu, na \u00faltima semana, o lan\u00e7amento do livro\u00a0\"<a href=\"https:\/\/aeradasdecisoesinvisiveis.com.br\/\" data-type=\"link\" data-id=\"https:\/\/aeradasdecisoesinvisiveis.com.br\/\" target=\"_blank\" rel=\"noopener\">A Era das Decis\u00f5es Invis\u00edveis<\/a>\", da advogada e egressa\u00a0da institui\u00e7\u00e3o\u00a0Helem\u00a0Franceschini. A obra prop\u00f5e uma reflex\u00e3o sobre a influ\u00eancia dos algoritmos, da intelig\u00eancia artificial e da coleta de dados sobre as escolhas realizadas diariamente pelos usu\u00e1rios no ambiente digital.\u00a0<\/p>\n\n\n\n<p class=\"wp-block-paragraph\">O evento reuniu mais de 350 pessoas e contou tamb\u00e9m com a participa\u00e7\u00e3o do desembargador&nbsp;do TJ\/RJ,&nbsp;Dr. Vitor Marcelo, em um momento de troca de experi\u00eancias e discuss\u00e3o sobre os desafios relacionados ao uso da tecnologia na sociedade contempor\u00e2nea.&nbsp;<\/p>\n\n\n\n<p class=\"wp-block-paragraph\">Formada em Direito pelo UniFOA,&nbsp;Helem&nbsp;retornou \u00e0 institui\u00e7\u00e3o quase 20 anos ap\u00f3s sua gradua\u00e7\u00e3o para apresentar a obra que teve origem durante sua p\u00f3s-gradua\u00e7\u00e3o em Direito Digital e Prote\u00e7\u00e3o de Dados.&nbsp;Assim, o&nbsp;interesse pelo tema surgiu durante a pesquisa sobre capitalismo de vigil\u00e2ncia desenvolvida para o trabalho de conclus\u00e3o do curso.&nbsp;<\/p>\n\n\n\n<p class=\"wp-block-paragraph\">Segundo a autora, o aprofundamento dos estudos revelou como comportamentos aparentemente simples no ambiente digital,&nbsp;como pesquisas, curtidas, intera\u00e7\u00f5es e o tempo de perman\u00eancia diante de determinados conte\u00fados,&nbsp;podem gerar informa\u00e7\u00f5es sobre prefer\u00eancias, comportamentos e vulnerabilidades dos usu\u00e1rios.&nbsp;<\/p>\n\n\n\n<p class=\"wp-block-paragraph\">A partir dessa constata\u00e7\u00e3o, o trabalho acad\u00eamico ganhou uma nova dimens\u00e3o e foi transformado em livro. A proposta de&nbsp;Helem&nbsp;\u00e9 levar o debate para al\u00e9m do ambiente acad\u00eamico e apresentar o assunto em uma linguagem acess\u00edvel.&nbsp;<\/p>\n\n\n\n<p class=\"wp-block-paragraph\">\u201cQueria que qualquer pessoa pudesse ler e entender, sentada na cozinha de casa, o que acontece por tr\u00e1s da tela que segura nas m\u00e3os todos os dias\u201d, explica a autora.&nbsp;<\/p>\n\n\n\n<p class=\"wp-block-paragraph\">Para&nbsp;Helem, a discuss\u00e3o n\u00e3o parte de uma tentativa de demonizar a tecnologia, mas de estimular o uso consciente das ferramentas digitais. A autora defende que compreender como os dados s\u00e3o coletados e utilizados \u00e9 fundamental para que os usu\u00e1rios tenham maior autonomia sobre suas decis\u00f5es.&nbsp;<\/p>\n\n\n\n<h3 class=\"wp-block-heading\"><strong>Tecnologia e escolhas cotidianas<\/strong>&nbsp;<\/h3>\n\n\n\n<p class=\"wp-block-paragraph\">Durante o lan\u00e7amento, o desembargador Dr. Vitor Marcelo destacou que a tem\u00e1tica da obra ultrapassa os limites do Direito e est\u00e1 presente na rotina de qualquer pessoa que utilize dispositivos e servi\u00e7os digitais.&nbsp;<\/p>\n\n\n\n<p class=\"wp-block-paragraph\">Segundo ele, o livro aborda de maneira clara como os algoritmos podem atuar de forma silenciosa na orienta\u00e7\u00e3o das escolhas dos usu\u00e1rios. Entre os exemplos est\u00e3o as permiss\u00f5es concedidas a aplicativos para acesso \u00e0 localiza\u00e7\u00e3o, c\u00e2mera, microfone e outras informa\u00e7\u00f5es pessoais.&nbsp;<\/p>\n\n\n\n<p class=\"wp-block-paragraph\">O desembargador ressaltou ainda a import\u00e2ncia do chamado letramento digital, especialmente diante da quantidade de dados pessoais compartilhados diariamente.&nbsp;<\/p>\n\n\n\n<p class=\"wp-block-paragraph\">\u201c\u00c9 importante que as pessoas tenham conhecimento disso\u201d, afirmou Dr. Vitor Marcelo, ao destacar a necessidade de aten\u00e7\u00e3o \u00e0s permiss\u00f5es e informa\u00e7\u00f5es fornecidas ao utilizar aplicativos e servi\u00e7os digitais.&nbsp;<\/p>\n\n\n\n<p class=\"wp-block-paragraph\">A reflex\u00e3o tamb\u00e9m se estende ao uso cotidiano de dados pessoais em situa\u00e7\u00f5es aparentemente simples. Para o desembargador, compreender como essas informa\u00e7\u00f5es podem ser coletadas, transformadas em dados e utilizadas por empresas e institui\u00e7\u00f5es \u00e9 parte fundamental da adapta\u00e7\u00e3o \u00e0 nova realidade digital.&nbsp;<\/p>\n\n\n\n<h3 class=\"wp-block-heading\"><strong>Um retorno \u00e0s origens<\/strong>&nbsp;<\/h3>\n\n\n\n<p class=\"wp-block-paragraph\">Al\u00e9m da discuss\u00e3o sobre tecnologia, o lan\u00e7amento teve um significado especial para a autora por representar o retorno ao espa\u00e7o onde iniciou sua trajet\u00f3ria acad\u00eamica e profissional.&nbsp;<\/p>\n\n\n\n<p class=\"wp-block-paragraph\">Helem\u00a0relembrou a import\u00e2ncia dos professores que fizeram parte de sua forma\u00e7\u00e3o, entre eles o presidente da Funda\u00e7\u00e3o Oswaldo Aranha (<a href=\"https:\/\/foa.org.br\" data-type=\"link\" data-id=\"foa.org.br\" target=\"_blank\" rel=\"noopener\">FOA<\/a>), Dr. Eduardo Prado, que foi seu professor durante a gradua\u00e7\u00e3o.\u00a0<\/p>\n\n\n\n<p class=\"wp-block-paragraph\">Para ela, retornar ao UniFOA para lan\u00e7ar o livro representou mais do que apresentar uma obra. Foi tamb\u00e9m a oportunidade de reencontrar pessoas que participaram de sua forma\u00e7\u00e3o e reconhecer a influ\u00eancia que a universidade teve em sua trajet\u00f3ria.&nbsp;<\/p>\n\n\n\n<p class=\"wp-block-paragraph\">\u201cN\u00e3o estava apenas lan\u00e7ando um livro. Estava fechando um ciclo, agradecendo e, quem sabe, ajudando outras pessoas a acreditarem que tamb\u00e9m podem escrever uma hist\u00f3ria diferente para as pr\u00f3prias vidas\u201d, destacou&nbsp;Helem.&nbsp;<\/p>\n\n\n\n<p class=\"wp-block-paragraph\">O presidente da FOA, Dr. Eduardo Prado, tamb\u00e9m ressaltou a trajet\u00f3ria da ex-aluna e a satisfa\u00e7\u00e3o da institui\u00e7\u00e3o em receb\u00ea-la novamente. Segundo ele,&nbsp;Helem&nbsp;foi uma estudante com grande potencial e conseguiu transformar essa capacidade em uma trajet\u00f3ria profissional constru\u00edda ao longo dos anos.&nbsp;<\/p>\n\n\n\n<p class=\"wp-block-paragraph\">Para o UniFOA, o encontro refor\u00e7a a import\u00e2ncia da universidade como espa\u00e7o de forma\u00e7\u00e3o, produ\u00e7\u00e3o de conhecimento e continuidade de v\u00ednculos com seus egressos, al\u00e9m de promover discuss\u00f5es sobre temas que impactam diferentes \u00e1reas da sociedade.&nbsp;<\/p>\n\n\n\n<p class=\"wp-block-paragraph\">A Era das Decis\u00f5es Invis\u00edveis&nbsp;amplia esse debate ao propor que o p\u00fablico compreenda melhor os mecanismos presentes no ambiente digital e reflita sobre o papel da tecnologia nas decis\u00f5es que fazem parte da vida cotidiana.&nbsp;<\/p>\n","protected":false},"author":14,"featured_media":78991,"parent":0,"template":"","categorianoticias":[773,44],"tagsnoticias":[],"class_list":["post-78989","noticias","type-noticias","status-publish","has-post-thumbnail","hentry","categorianoticias-estudantes-e-egressos-unifoa","categorianoticias-noticias"],"acf":[],"_links":{"self":[{"href":"https:\/\/www.unifoa.edu.br\/api\/wp\/v2\/noticias\/78989","targetHints":{"allow":["GET"]}}],"collection":[{"href":"https:\/\/www.unifoa.edu.br\/api\/wp\/v2\/noticias"}],"about":[{"href":"https:\/\/www.unifoa.edu.br\/api\/wp\/v2\/types\/noticias"}],"author":[{"embeddable":true,"href":"https:\/\/www.unifoa.edu.br\/api\/wp\/v2\/users\/14"}],"version-history":[{"count":1,"href":"https:\/\/www.unifoa.edu.br\/api\/wp\/v2\/noticias\/78989\/revisions"}],"predecessor-version":[{"id":78997,"href":"https:\/\/www.unifoa.edu.br\/api\/wp\/v2\/noticias\/78989\/revisions\/78997"}],"wp:featuredmedia":[{"embeddable":true,"href":"https:\/\/www.unifoa.edu.br\/api\/wp\/v2\/media\/78991"}],"wp:attachment":[{"href":"https:\/\/www.unifoa.edu.br\/api\/wp\/v2\/media?parent=78989"}],"wp:term":[{"taxonomy":"categorianoticias","embeddable":true,"href":"https:\/\/www.unifoa.edu.br\/api\/wp\/v2\/categorianoticias?post=78989"},{"taxonomy":"tagsnoticias","embeddable":true,"href":"https:\/\/www.unifoa.edu.br\/api\/wp\/v2\/tagsnoticias?post=78989"}],"curies":[{"name":"wp","href":"https:\/\/api.w.org\/{rel}","templated":true}]}}