{"id":79093,"date":"2026-09-04T16:36:09","date_gmt":"2026-09-04T19:36:09","guid":{"rendered":"https:\/\/www.unifoa.edu.br\/?post_type=noticias&#038;p=79093"},"modified":"2026-09-04T16:36:10","modified_gmt":"2026-09-04T19:36:10","slug":"liga-saude-mulher-palestra-endometriose","status":"publish","type":"noticias","link":"https:\/\/www.unifoa.edu.br\/noticias\/liga-saude-mulher-palestra-endometriose\/","title":{"rendered":"Liga de Sa\u00fade da Mulher e da Crian\u00e7a promove palestra sobre endometriose no UniFOA\u00a0"},"content":{"rendered":"\n<p class=\"wp-block-paragraph\">A dor menstrual intensa, quando naturalizada ou pouco investigada, pode atrasar diagn\u00f3sticos e prolongar o sofrimento de muitas mulheres. Foi a partir dessa reflex\u00e3o que a <a href=\"https:\/\/www.instagram.com\/lasmcfoa\/\" target=\"_blank\" rel=\"noopener\">Liga Acad\u00eamica de Sa\u00fade da Mulher e da Crian\u00e7a<\/a>, do curso de Enfermagem\u00a0do <a href=\"https:\/\/www.unifoa.edu.br\">UniFOA <\/a>promoveu uma palestra sobre endometriose, com a participa\u00e7\u00e3o da palestrante Stefani Furtado.\u00a0<\/p>\n\n\n\n<p class=\"wp-block-paragraph\">Durante o encontro, os estudantes discutiram os impactos da doen\u00e7a na vida das mulheres, as dificuldades no diagn\u00f3stico, o avan\u00e7o dos sintomas e os desafios ainda presentes no acesso a exames, acompanhamento e tratamento adequado. A atividade tamb\u00e9m abriu espa\u00e7o para reflex\u00f5es sobre a import\u00e2ncia de uma escuta mais atenta por parte dos profissionais de sa\u00fade.&nbsp;<\/p>\n\n\n\n<p class=\"wp-block-paragraph\">Uma das participantes relatou ter se identificado com diversos pontos abordados na palestra, especialmente em rela\u00e7\u00e3o \u00e0 demora para chegar ao diagn\u00f3stico. Segundo ela, foram necess\u00e1rios atendimentos com diferentes m\u00e9dicos at\u00e9 que a endometriose fosse identificada, ap\u00f3s exames mais espec\u00edficos. A estudante tamb\u00e9m relatou dores incapacitantes, cansa\u00e7o excessivo e impactos na rotina acad\u00eamica e pessoal.&nbsp;<\/p>\n\n\n\n<p class=\"wp-block-paragraph\">O relato aproximou o tema da realidade vivida por muitas mulheres e refor\u00e7ou uma das mensagens centrais da palestra: a dor precisa ser acolhida, investigada e levada a s\u00e9rio. Al\u00e9m dos aspectos cl\u00ednicos, o encontro tamb\u00e9m abordou a necessidade de uma anamnese mais completa, maior preparo profissional para identifica\u00e7\u00e3o precoce e amplia\u00e7\u00e3o do debate sobre os caminhos de cuidado.&nbsp;<\/p>\n\n\n\n<p class=\"wp-block-paragraph\">Para Rafaela Vidal Lacerda, estudante do 3\u00ba per\u00edodo, a forma como o tema foi conduzido contribuiu para a forma\u00e7\u00e3o humana dos futuros profissionais.&nbsp;<\/p>\n\n\n\n<p class=\"wp-block-paragraph\">\u201cTrazer a delicadeza que a palestrante trouxe, com um olhar sutil e humano, mostra a sensibilidade que vamos precisar na nossa carreira futura. Foi muito interessante saber que, quanto mais cedo v\u00eam o diagn\u00f3stico e o tratamento, maiores s\u00e3o as possibilidades de a pessoa ter uma vida plena\u201d, afirmou.&nbsp;<\/p>\n\n\n\n<p class=\"wp-block-paragraph\">A estudante Milena Amante Silva, tamb\u00e9m do 3\u00ba per\u00edodo, destacou que a palestra ampliou sua compreens\u00e3o sobre a gravidade da endometriose.&nbsp;<\/p>\n\n\n\n<p class=\"wp-block-paragraph\">\u201cTrabalho em hospital e n\u00e3o sabia que era t\u00e3o s\u00e9rio, nem que poderia atingir outros \u00f3rg\u00e3os. Gostei muito porque agregou conhecimento e achei o assunto muito importante e necess\u00e1rio\u201d, contou.&nbsp;<\/p>\n\n\n\n<p class=\"wp-block-paragraph\">Professora orientadora da Liga Acad\u00eamica, M\u00e1rcia Bastos avaliou que atividades como essa s\u00e3o fundamentais para aproximar os estudantes de temas que exigem conhecimento cient\u00edfico, escuta e empatia.&nbsp;<\/p>\n\n\n\n<p class=\"wp-block-paragraph\">\u201cMomentos como este s\u00e3o fundamentais para a forma\u00e7\u00e3o dos nossos estudantes. Al\u00e9m de proporcionar conhecimento cient\u00edfico, estimulam a escuta, a empatia e a capacidade de enxergar o paciente para al\u00e9m da doen\u00e7a\u201d, afirmou.&nbsp;<\/p>\n\n\n\n<p class=\"wp-block-paragraph\">Segundo M\u00e1rcia, a Enfermagem tem papel importante no acolhimento das queixas e na identifica\u00e7\u00e3o de sinais que precisam ser investigados.&nbsp;<\/p>\n\n\n\n<p class=\"wp-block-paragraph\">\u201cNa Enfermagem, precisamos compreender que a dor relatada por uma paciente deve ser acolhida e investigada, e que uma assist\u00eancia qualificada come\u00e7a muitas vezes com uma anamnese cuidadosa e um olhar atento\u201d, destacou.&nbsp;<\/p>\n\n\n\n<p class=\"wp-block-paragraph\">A professora tamb\u00e9m agradeceu \u00e0 palestrante pela condu\u00e7\u00e3o da atividade e aos estudantes pela participa\u00e7\u00e3o.&nbsp;<\/p>\n\n\n\n<p class=\"wp-block-paragraph\">\u201cAgrade\u00e7o \u00e0 Stefani Furtado pela disponibilidade, pela sensibilidade e pela riqueza das informa\u00e7\u00f5es compartilhadas, e aos nossos estudantes pela participa\u00e7\u00e3o e pela abertura para aprender e refletir\u201d, completou.&nbsp;<\/p>\n\n\n\n<p class=\"wp-block-paragraph\">Discutir a endometriose a partir de informa\u00e7\u00e3o, experi\u00eancia e sensibilidade, a palestra refor\u00e7ou a import\u00e2ncia de formar profissionais preparados para reconhecer sintomas, ouvir as pacientes e contribuir para um cuidado mais humano. Mais do que falar sobre uma doen\u00e7a, o encontro lembrou que a qualidade da assist\u00eancia come\u00e7a quando a dor de uma mulher deixa de ser minimizada.&nbsp;<\/p>\n","protected":false},"author":15,"featured_media":79096,"parent":0,"template":"","categorianoticias":[741,44],"tagsnoticias":[],"class_list":["post-79093","noticias","type-noticias","status-publish","has-post-thumbnail","hentry","categorianoticias-enfermagem","categorianoticias-noticias"],"acf":[],"_links":{"self":[{"href":"https:\/\/www.unifoa.edu.br\/api\/wp\/v2\/noticias\/79093","targetHints":{"allow":["GET"]}}],"collection":[{"href":"https:\/\/www.unifoa.edu.br\/api\/wp\/v2\/noticias"}],"about":[{"href":"https:\/\/www.unifoa.edu.br\/api\/wp\/v2\/types\/noticias"}],"author":[{"embeddable":true,"href":"https:\/\/www.unifoa.edu.br\/api\/wp\/v2\/users\/15"}],"version-history":[{"count":2,"href":"https:\/\/www.unifoa.edu.br\/api\/wp\/v2\/noticias\/79093\/revisions"}],"predecessor-version":[{"id":79095,"href":"https:\/\/www.unifoa.edu.br\/api\/wp\/v2\/noticias\/79093\/revisions\/79095"}],"wp:featuredmedia":[{"embeddable":true,"href":"https:\/\/www.unifoa.edu.br\/api\/wp\/v2\/media\/79096"}],"wp:attachment":[{"href":"https:\/\/www.unifoa.edu.br\/api\/wp\/v2\/media?parent=79093"}],"wp:term":[{"taxonomy":"categorianoticias","embeddable":true,"href":"https:\/\/www.unifoa.edu.br\/api\/wp\/v2\/categorianoticias?post=79093"},{"taxonomy":"tagsnoticias","embeddable":true,"href":"https:\/\/www.unifoa.edu.br\/api\/wp\/v2\/tagsnoticias?post=79093"}],"curies":[{"name":"wp","href":"https:\/\/api.w.org\/{rel}","templated":true}]}}